{"id":7390,"date":"2025-12-05T12:45:09","date_gmt":"2025-12-05T11:45:09","guid":{"rendered":"https:\/\/friedrich-ludwig-jahn-grundschule-luebben.de\/?p=7390"},"modified":"2025-12-05T12:52:02","modified_gmt":"2025-12-05T11:52:02","slug":"7390","status":"publish","type":"post","link":"https:\/\/friedrich-ludwig-jahn-grundschule-luebben.de\/?p=7390","title":{"rendered":"Vorlesewettbewerb der 6. Klassen"},"content":{"rendered":"<p><span style=\"font-family: arial, helvetica, sans-serif;\">Am 05. Dezember fand an unserer Grundschule der Vorlesewettbewerb der 6. Klassen statt. Je f\u00fcnf Sch\u00fclerinnen und Sch\u00fcler aus beiden sechsten Klassen nahmen daran teil.<\/span><\/p>\n<p><span style=\"font-family: arial, helvetica, sans-serif;\">Im Deutschunterricht wurden vorher die besten Vorleserinnen und Vorleser ausgew\u00e4hlt. Beim Wettbewerb stellten sie nun ihr Buch vor, erz\u00e4hlten etwas \u00fcber den Autor oder die Autorin, fassten den Inhalt kurz zusammen, und lasen eine spannende Textstelle des Buches. Anschlie\u00dfend mussten die M\u00e4dchen und Jungen zwei Seiten aus einem nicht bekannten Kinderbuch vortragen. <\/span><span style=\"font-family: arial, helvetica, sans-serif;\">Eine Jury, die sich aus Frau Gr\u00e4tz und Frau Rieck zusammensetzte, bewertete die Vortr\u00e4ge. Die zuschauenden F\u00fcnftkl\u00e4ssler h\u00f6rten aufmerksam zu und klatschten begeistert Beifall.<\/span><\/p>\n<p><span style=\"font-family: arial, helvetica, sans-serif;\">Der Vorlesewettbewerb des Deutschen Buchhandels findet seit 1959 jedes Jahr statt. Er wird von vielen Schulen, Bibliotheken und Buchhandlungen unterst\u00fctzt und steht unter der Schirmherrschaft des Bundespr\u00e4sidenten. Es ist einer der gr\u00f6\u00dften Sch\u00fclerwettbewerbe in Deutschland.<\/span><\/p>\n<p><span style=\"font-family: arial, helvetica, sans-serif;\">Wir danken allen Teilnehmerinnen und Teilnehmern f\u00fcr ihre tollen Beitr\u00e4ge!<\/span><\/p>\n<p><span style=\"font-family: arial, helvetica, sans-serif;\">Sieger des Vorlesewettbewerbes wurde Fynn D\u00f6lle aus der Klasse 6a. <\/span><span style=\"font-family: arial, helvetica, sans-serif;\">Herzlichen Gl\u00fcckwunsch!<\/span><\/p>\n<p><a href=\"https:\/\/friedrich-ludwig-jahn-grundschule-luebben.de\/wp-content\/uploads\/2025\/12\/IMG_5511.jpg\" data-lbwps-width=\"480\" data-lbwps-height=\"640\" data-lbwps-srcsmall=\"https:\/\/friedrich-ludwig-jahn-grundschule-luebben.de\/wp-content\/uploads\/2025\/12\/IMG_5511.jpg\"><img loading=\"lazy\" decoding=\"async\" class=\"alignnone size-medium wp-image-7394\" src=\"https:\/\/friedrich-ludwig-jahn-grundschule-luebben.de\/wp-content\/uploads\/2025\/12\/IMG_5511-225x300.jpg\" alt=\"\" width=\"225\" height=\"300\" srcset=\"https:\/\/friedrich-ludwig-jahn-grundschule-luebben.de\/wp-content\/uploads\/2025\/12\/IMG_5511-225x300.jpg 225w, https:\/\/friedrich-ludwig-jahn-grundschule-luebben.de\/wp-content\/uploads\/2025\/12\/IMG_5511-rotated.jpg 480w\" sizes=\"auto, (max-width: 225px) 100vw, 225px\" \/><\/a> <a href=\"https:\/\/friedrich-ludwig-jahn-grundschule-luebben.de\/wp-content\/uploads\/2025\/12\/IMG_5512.jpg\" data-lbwps-width=\"640\" data-lbwps-height=\"480\" data-lbwps-srcsmall=\"https:\/\/friedrich-ludwig-jahn-grundschule-luebben.de\/wp-content\/uploads\/2025\/12\/IMG_5512-300x225.jpg\"><img loading=\"lazy\" decoding=\"async\" class=\"alignnone size-medium wp-image-7395\" src=\"https:\/\/friedrich-ludwig-jahn-grundschule-luebben.de\/wp-content\/uploads\/2025\/12\/IMG_5512-300x225.jpg\" alt=\"\" width=\"300\" height=\"225\" srcset=\"https:\/\/friedrich-ludwig-jahn-grundschule-luebben.de\/wp-content\/uploads\/2025\/12\/IMG_5512-300x225.jpg 300w, https:\/\/friedrich-ludwig-jahn-grundschule-luebben.de\/wp-content\/uploads\/2025\/12\/IMG_5512.jpg 640w\" sizes=\"auto, (max-width: 300px) 100vw, 300px\" \/><\/a><\/p>\n<p>&nbsp;<\/p>\n","protected":false},"excerpt":{"rendered":"<p>Am 05. Dezember fand an unserer Grundschule der Vorlesewettbewerb der 6. Klassen statt. Je f\u00fcnf Sch\u00fclerinnen und Sch\u00fcler aus beiden sechsten Klassen nahmen daran teil. Im Deutschunterricht wurden vorher die [&hellip;]<\/p>\n","protected":false},"author":3,"featured_media":0,"comment_status":"closed","ping_status":"open","sticky":false,"template":"","format":"standard","meta":{"footnotes":""},"categories":[1],"tags":[],"class_list":["post-7390","post","type-post","status-publish","format-standard","hentry","category-news"],"_links":{"self":[{"href":"https:\/\/friedrich-ludwig-jahn-grundschule-luebben.de\/index.php?rest_route=\/wp\/v2\/posts\/7390","targetHints":{"allow":["GET"]}}],"collection":[{"href":"https:\/\/friedrich-ludwig-jahn-grundschule-luebben.de\/index.php?rest_route=\/wp\/v2\/posts"}],"about":[{"href":"https:\/\/friedrich-ludwig-jahn-grundschule-luebben.de\/index.php?rest_route=\/wp\/v2\/types\/post"}],"author":[{"embeddable":true,"href":"https:\/\/friedrich-ludwig-jahn-grundschule-luebben.de\/index.php?rest_route=\/wp\/v2\/users\/3"}],"replies":[{"embeddable":true,"href":"https:\/\/friedrich-ludwig-jahn-grundschule-luebben.de\/index.php?rest_route=%2Fwp%2Fv2%2Fcomments&post=7390"}],"version-history":[{"count":5,"href":"https:\/\/friedrich-ludwig-jahn-grundschule-luebben.de\/index.php?rest_route=\/wp\/v2\/posts\/7390\/revisions"}],"predecessor-version":[{"id":7397,"href":"https:\/\/friedrich-ludwig-jahn-grundschule-luebben.de\/index.php?rest_route=\/wp\/v2\/posts\/7390\/revisions\/7397"}],"wp:attachment":[{"href":"https:\/\/friedrich-ludwig-jahn-grundschule-luebben.de\/index.php?rest_route=%2Fwp%2Fv2%2Fmedia&parent=7390"}],"wp:term":[{"taxonomy":"category","embeddable":true,"href":"https:\/\/friedrich-ludwig-jahn-grundschule-luebben.de\/index.php?rest_route=%2Fwp%2Fv2%2Fcategories&post=7390"},{"taxonomy":"post_tag","embeddable":true,"href":"https:\/\/friedrich-ludwig-jahn-grundschule-luebben.de\/index.php?rest_route=%2Fwp%2Fv2%2Ftags&post=7390"}],"curies":[{"name":"wp","href":"https:\/\/api.w.org\/{rel}","templated":true}]}}