{"id":7458,"date":"2026-01-16T11:58:47","date_gmt":"2026-01-16T10:58:47","guid":{"rendered":"https:\/\/friedrich-ludwig-jahn-grundschule-luebben.de\/?p=7458"},"modified":"2026-02-16T12:47:14","modified_gmt":"2026-02-16T11:47:14","slug":"starker-auftritt-beim-naturwissenschaftlichen-wettbewerb","status":"publish","type":"post","link":"https:\/\/friedrich-ludwig-jahn-grundschule-luebben.de\/?p=7458","title":{"rendered":"Starker Auftritt beim naturwissenschaftlichen Wettbewerb"},"content":{"rendered":"<div>\n<p><span style=\"font-family: arial, helvetica, sans-serif;\">Am 15. Januar 2026 fand der Naturwissenschaftswettbewerb im<\/span><\/p>\n<p><span style=\"font-family: arial, helvetica, sans-serif;\">Paul-Gerhard-Gymnasium L\u00fcbben statt. F\u00fcr die Friedrich-Ludwig-Jahn-Grundschule L\u00fcbben<\/span><\/p>\n<p><span style=\"font-family: arial, helvetica, sans-serif;\">traten Fynn D\u00f6lle (6a), Edin Knappe (6a) und Benjamin Grazias (6a) an.<\/span><\/p>\n<p><span style=\"font-family: arial, helvetica, sans-serif;\">Der Wettbewerb begann mit einer gro\u00dfen Er\u00f6ffnung in der Aula. Nun folgte der erste Teil <\/span><span style=\"font-family: arial, helvetica, sans-serif;\">des Tests: Physik. Hier machten wir vier spannende Experimente, die wir erkl\u00e4ren mussten. Weiter ging es mit Chemie. Dort f\u00fchrten wir ein Experiment zum Rotkohl und seinen Farben durch. In diesem Teil des Wettbewerbs waren wir die besten von allen Teilnehmern. Abschlie\u00dfend haben wir im Teil Biologie eine Kartoffel mikroskopiert.<\/span><\/p>\n<p><span style=\"font-family: arial, helvetica, sans-serif;\">Es folgte die Siegerehrung, bei der die sehr knappen Ergebnisse verk\u00fcndet wurden. <\/span><\/p>\n<p><span style=\"font-family: arial, helvetica, sans-serif;\">Den ersten Platz belegte die Grundschule aus L\u00fcbbenau, Platz zwei die Schule aus Straupitz. <\/span><\/p>\n<p><span style=\"font-family: arial, helvetica, sans-serif;\">Wir konnten im Wettbewerb einen dritten Platz erreichen.<\/span><\/p>\n<p><span style=\"font-family: arial, helvetica, sans-serif;\">Fynn D\u00f6lle<\/span><\/p>\n<\/div>\n<div><a href=\"https:\/\/friedrich-ludwig-jahn-grundschule-luebben.de\/wp-content\/uploads\/2026\/01\/20260116_133032_MEDIUM.jpg\" data-lbwps-width=\"1078\" data-lbwps-height=\"1428\" data-lbwps-srcsmall=\"https:\/\/friedrich-ludwig-jahn-grundschule-luebben.de\/wp-content\/uploads\/2026\/01\/20260116_133032_MEDIUM-226x300.jpg\"><img loading=\"lazy\" decoding=\"async\" class=\"alignnone size-medium wp-image-7459\" src=\"https:\/\/friedrich-ludwig-jahn-grundschule-luebben.de\/wp-content\/uploads\/2026\/01\/20260116_133032_MEDIUM-226x300.jpg\" alt=\"\" width=\"226\" height=\"300\" srcset=\"https:\/\/friedrich-ludwig-jahn-grundschule-luebben.de\/wp-content\/uploads\/2026\/01\/20260116_133032_MEDIUM-226x300.jpg 226w, https:\/\/friedrich-ludwig-jahn-grundschule-luebben.de\/wp-content\/uploads\/2026\/01\/20260116_133032_MEDIUM-773x1024.jpg 773w, https:\/\/friedrich-ludwig-jahn-grundschule-luebben.de\/wp-content\/uploads\/2026\/01\/20260116_133032_MEDIUM-768x1017.jpg 768w, https:\/\/friedrich-ludwig-jahn-grundschule-luebben.de\/wp-content\/uploads\/2026\/01\/20260116_133032_MEDIUM.jpg 1078w\" sizes=\"auto, (max-width: 226px) 100vw, 226px\" \/><\/a><\/div>\n","protected":false},"excerpt":{"rendered":"<p>Am 15. Januar 2026 fand der Naturwissenschaftswettbewerb im Paul-Gerhard-Gymnasium L\u00fcbben statt. F\u00fcr die Friedrich-Ludwig-Jahn-Grundschule L\u00fcbben traten Fynn D\u00f6lle (6a), Edin Knappe (6a) und Benjamin Grazias (6a) an. Der Wettbewerb begann [&hellip;]<\/p>\n","protected":false},"author":3,"featured_media":0,"comment_status":"closed","ping_status":"open","sticky":false,"template":"","format":"standard","meta":{"footnotes":""},"categories":[1],"tags":[],"class_list":["post-7458","post","type-post","status-publish","format-standard","hentry","category-news"],"_links":{"self":[{"href":"https:\/\/friedrich-ludwig-jahn-grundschule-luebben.de\/index.php?rest_route=\/wp\/v2\/posts\/7458","targetHints":{"allow":["GET"]}}],"collection":[{"href":"https:\/\/friedrich-ludwig-jahn-grundschule-luebben.de\/index.php?rest_route=\/wp\/v2\/posts"}],"about":[{"href":"https:\/\/friedrich-ludwig-jahn-grundschule-luebben.de\/index.php?rest_route=\/wp\/v2\/types\/post"}],"author":[{"embeddable":true,"href":"https:\/\/friedrich-ludwig-jahn-grundschule-luebben.de\/index.php?rest_route=\/wp\/v2\/users\/3"}],"replies":[{"embeddable":true,"href":"https:\/\/friedrich-ludwig-jahn-grundschule-luebben.de\/index.php?rest_route=%2Fwp%2Fv2%2Fcomments&post=7458"}],"version-history":[{"count":4,"href":"https:\/\/friedrich-ludwig-jahn-grundschule-luebben.de\/index.php?rest_route=\/wp\/v2\/posts\/7458\/revisions"}],"predecessor-version":[{"id":7483,"href":"https:\/\/friedrich-ludwig-jahn-grundschule-luebben.de\/index.php?rest_route=\/wp\/v2\/posts\/7458\/revisions\/7483"}],"wp:attachment":[{"href":"https:\/\/friedrich-ludwig-jahn-grundschule-luebben.de\/index.php?rest_route=%2Fwp%2Fv2%2Fmedia&parent=7458"}],"wp:term":[{"taxonomy":"category","embeddable":true,"href":"https:\/\/friedrich-ludwig-jahn-grundschule-luebben.de\/index.php?rest_route=%2Fwp%2Fv2%2Fcategories&post=7458"},{"taxonomy":"post_tag","embeddable":true,"href":"https:\/\/friedrich-ludwig-jahn-grundschule-luebben.de\/index.php?rest_route=%2Fwp%2Fv2%2Ftags&post=7458"}],"curies":[{"name":"wp","href":"https:\/\/api.w.org\/{rel}","templated":true}]}}