{"id":7518,"date":"2026-03-12T13:13:21","date_gmt":"2026-03-12T12:13:21","guid":{"rendered":"https:\/\/friedrich-ludwig-jahn-grundschule-luebben.de\/?p=7518"},"modified":"2026-03-12T13:19:01","modified_gmt":"2026-03-12T12:19:01","slug":"7518","status":"publish","type":"post","link":"https:\/\/friedrich-ludwig-jahn-grundschule-luebben.de\/?p=7518","title":{"rendered":"Basketballturniere"},"content":{"rendered":"<div>\n<div><span style=\"font-family: arial, helvetica, sans-serif;\">Am Dienstag fand das Basketballturnier der Klassen 1 bis 4 statt, gefolgt vom Turnier der Klassen 5 und 6 am heutigen Tag. In beiden Wettbewerben zeigten die Sch\u00fclerinnen und Sch\u00fcler gro\u00dfen Einsatz, Teamgeist und viel Freude am Spiel.<\/span><\/div>\n<div><span style=\"font-family: arial, helvetica, sans-serif;\">Unter der Hauptverantwortung von Frau Brucke wurde das Turnier hervorragend organisiert und durchgef\u00fchrt. Dank ihrer Planung sowie der Unterst\u00fctzung aller Beteiligten konnten spannende Spiele erlebt werden.<\/span><\/div>\n<\/div>\n<div><span style=\"font-family: arial, helvetica, sans-serif;\"><a href=\"https:\/\/friedrich-ludwig-jahn-grundschule-luebben.de\/wp-content\/uploads\/2026\/03\/IMG_6336.jpeg\" data-lbwps-width=\"640\" data-lbwps-height=\"480\" data-lbwps-srcsmall=\"https:\/\/friedrich-ludwig-jahn-grundschule-luebben.de\/wp-content\/uploads\/2026\/03\/IMG_6336-300x225.jpeg\"><img loading=\"lazy\" decoding=\"async\" class=\"alignnone size-medium wp-image-7521\" src=\"https:\/\/friedrich-ludwig-jahn-grundschule-luebben.de\/wp-content\/uploads\/2026\/03\/IMG_6336-300x225.jpeg\" alt=\"\" width=\"300\" height=\"225\" srcset=\"https:\/\/friedrich-ludwig-jahn-grundschule-luebben.de\/wp-content\/uploads\/2026\/03\/IMG_6336-300x225.jpeg 300w, https:\/\/friedrich-ludwig-jahn-grundschule-luebben.de\/wp-content\/uploads\/2026\/03\/IMG_6336.jpeg 640w\" sizes=\"auto, (max-width: 300px) 100vw, 300px\" \/><\/a> <a href=\"https:\/\/friedrich-ludwig-jahn-grundschule-luebben.de\/wp-content\/uploads\/2026\/03\/IMG_6337.jpeg\" data-lbwps-width=\"640\" data-lbwps-height=\"480\" data-lbwps-srcsmall=\"https:\/\/friedrich-ludwig-jahn-grundschule-luebben.de\/wp-content\/uploads\/2026\/03\/IMG_6337-300x225.jpeg\"><img loading=\"lazy\" decoding=\"async\" class=\"alignnone size-medium wp-image-7522\" src=\"https:\/\/friedrich-ludwig-jahn-grundschule-luebben.de\/wp-content\/uploads\/2026\/03\/IMG_6337-300x225.jpeg\" alt=\"\" width=\"300\" height=\"225\" srcset=\"https:\/\/friedrich-ludwig-jahn-grundschule-luebben.de\/wp-content\/uploads\/2026\/03\/IMG_6337-300x225.jpeg 300w, https:\/\/friedrich-ludwig-jahn-grundschule-luebben.de\/wp-content\/uploads\/2026\/03\/IMG_6337.jpeg 640w\" sizes=\"auto, (max-width: 300px) 100vw, 300px\" \/><\/a> <a href=\"https:\/\/friedrich-ludwig-jahn-grundschule-luebben.de\/wp-content\/uploads\/2026\/03\/IMG_6338.jpeg\" data-lbwps-width=\"480\" data-lbwps-height=\"640\" data-lbwps-srcsmall=\"https:\/\/friedrich-ludwig-jahn-grundschule-luebben.de\/wp-content\/uploads\/2026\/03\/IMG_6338.jpeg\"><img loading=\"lazy\" decoding=\"async\" class=\"alignnone size-medium wp-image-7523\" src=\"https:\/\/friedrich-ludwig-jahn-grundschule-luebben.de\/wp-content\/uploads\/2026\/03\/IMG_6338-225x300.jpeg\" alt=\"\" width=\"225\" height=\"300\" srcset=\"https:\/\/friedrich-ludwig-jahn-grundschule-luebben.de\/wp-content\/uploads\/2026\/03\/IMG_6338-225x300.jpeg 225w, https:\/\/friedrich-ludwig-jahn-grundschule-luebben.de\/wp-content\/uploads\/2026\/03\/IMG_6338-rotated.jpeg 480w\" sizes=\"auto, (max-width: 225px) 100vw, 225px\" \/><\/a> <a href=\"https:\/\/friedrich-ludwig-jahn-grundschule-luebben.de\/wp-content\/uploads\/2026\/03\/IMG_6339.jpeg\" data-lbwps-width=\"480\" data-lbwps-height=\"640\" data-lbwps-srcsmall=\"https:\/\/friedrich-ludwig-jahn-grundschule-luebben.de\/wp-content\/uploads\/2026\/03\/IMG_6339.jpeg\"><img loading=\"lazy\" decoding=\"async\" class=\"alignnone size-medium wp-image-7524\" src=\"https:\/\/friedrich-ludwig-jahn-grundschule-luebben.de\/wp-content\/uploads\/2026\/03\/IMG_6339-225x300.jpeg\" alt=\"\" width=\"225\" height=\"300\" srcset=\"https:\/\/friedrich-ludwig-jahn-grundschule-luebben.de\/wp-content\/uploads\/2026\/03\/IMG_6339-225x300.jpeg 225w, https:\/\/friedrich-ludwig-jahn-grundschule-luebben.de\/wp-content\/uploads\/2026\/03\/IMG_6339-rotated.jpeg 480w\" sizes=\"auto, (max-width: 225px) 100vw, 225px\" \/><\/a> <a href=\"https:\/\/friedrich-ludwig-jahn-grundschule-luebben.de\/wp-content\/uploads\/2026\/03\/IMG_6340.jpeg\" data-lbwps-width=\"480\" data-lbwps-height=\"640\" data-lbwps-srcsmall=\"https:\/\/friedrich-ludwig-jahn-grundschule-luebben.de\/wp-content\/uploads\/2026\/03\/IMG_6340.jpeg\"><img loading=\"lazy\" decoding=\"async\" class=\"alignnone size-medium wp-image-7525\" src=\"https:\/\/friedrich-ludwig-jahn-grundschule-luebben.de\/wp-content\/uploads\/2026\/03\/IMG_6340-225x300.jpeg\" alt=\"\" width=\"225\" height=\"300\" srcset=\"https:\/\/friedrich-ludwig-jahn-grundschule-luebben.de\/wp-content\/uploads\/2026\/03\/IMG_6340-225x300.jpeg 225w, https:\/\/friedrich-ludwig-jahn-grundschule-luebben.de\/wp-content\/uploads\/2026\/03\/IMG_6340-rotated.jpeg 480w\" sizes=\"auto, (max-width: 225px) 100vw, 225px\" \/><\/a> <a href=\"https:\/\/friedrich-ludwig-jahn-grundschule-luebben.de\/wp-content\/uploads\/2026\/03\/IMG_6341.jpeg\" data-lbwps-width=\"480\" data-lbwps-height=\"640\" data-lbwps-srcsmall=\"https:\/\/friedrich-ludwig-jahn-grundschule-luebben.de\/wp-content\/uploads\/2026\/03\/IMG_6341.jpeg\"><img loading=\"lazy\" decoding=\"async\" class=\"alignnone size-medium wp-image-7526\" src=\"https:\/\/friedrich-ludwig-jahn-grundschule-luebben.de\/wp-content\/uploads\/2026\/03\/IMG_6341-225x300.jpeg\" alt=\"\" width=\"225\" height=\"300\" srcset=\"https:\/\/friedrich-ludwig-jahn-grundschule-luebben.de\/wp-content\/uploads\/2026\/03\/IMG_6341-225x300.jpeg 225w, https:\/\/friedrich-ludwig-jahn-grundschule-luebben.de\/wp-content\/uploads\/2026\/03\/IMG_6341-rotated.jpeg 480w\" sizes=\"auto, (max-width: 225px) 100vw, 225px\" \/>\u00a0 <\/a>\u00a0<a href=\"https:\/\/friedrich-ludwig-jahn-grundschule-luebben.de\/wp-content\/uploads\/2026\/03\/IMG_6335.jpeg\" data-lbwps-width=\"640\" data-lbwps-height=\"480\" data-lbwps-srcsmall=\"https:\/\/friedrich-ludwig-jahn-grundschule-luebben.de\/wp-content\/uploads\/2026\/03\/IMG_6335-300x225.jpeg\"><img loading=\"lazy\" decoding=\"async\" class=\"alignnone size-medium wp-image-7532\" src=\"https:\/\/friedrich-ludwig-jahn-grundschule-luebben.de\/wp-content\/uploads\/2026\/03\/IMG_6335-300x225.jpeg\" alt=\"\" width=\"300\" height=\"225\" srcset=\"https:\/\/friedrich-ludwig-jahn-grundschule-luebben.de\/wp-content\/uploads\/2026\/03\/IMG_6335-300x225.jpeg 300w, https:\/\/friedrich-ludwig-jahn-grundschule-luebben.de\/wp-content\/uploads\/2026\/03\/IMG_6335.jpeg 640w\" sizes=\"auto, (max-width: 300px) 100vw, 300px\" \/>\u00a0 <\/a><a href=\"https:\/\/friedrich-ludwig-jahn-grundschule-luebben.de\/wp-content\/uploads\/2026\/03\/IMG_6332.jpeg\" data-lbwps-width=\"640\" data-lbwps-height=\"480\" data-lbwps-srcsmall=\"https:\/\/friedrich-ludwig-jahn-grundschule-luebben.de\/wp-content\/uploads\/2026\/03\/IMG_6332-300x225.jpeg\"><img loading=\"lazy\" decoding=\"async\" class=\"alignnone size-medium wp-image-7529\" src=\"https:\/\/friedrich-ludwig-jahn-grundschule-luebben.de\/wp-content\/uploads\/2026\/03\/IMG_6332-300x225.jpeg\" alt=\"\" width=\"300\" height=\"225\" srcset=\"https:\/\/friedrich-ludwig-jahn-grundschule-luebben.de\/wp-content\/uploads\/2026\/03\/IMG_6332-300x225.jpeg 300w, https:\/\/friedrich-ludwig-jahn-grundschule-luebben.de\/wp-content\/uploads\/2026\/03\/IMG_6332.jpeg 640w\" sizes=\"auto, (max-width: 300px) 100vw, 300px\" \/>\u00a0 <\/a><a href=\"https:\/\/friedrich-ludwig-jahn-grundschule-luebben.de\/wp-content\/uploads\/2026\/03\/IMG_6333.jpeg\" data-lbwps-width=\"640\" data-lbwps-height=\"480\" data-lbwps-srcsmall=\"https:\/\/friedrich-ludwig-jahn-grundschule-luebben.de\/wp-content\/uploads\/2026\/03\/IMG_6333-300x225.jpeg\"><img loading=\"lazy\" decoding=\"async\" class=\"alignnone size-medium wp-image-7530\" src=\"https:\/\/friedrich-ludwig-jahn-grundschule-luebben.de\/wp-content\/uploads\/2026\/03\/IMG_6333-300x225.jpeg\" alt=\"\" width=\"300\" height=\"225\" srcset=\"https:\/\/friedrich-ludwig-jahn-grundschule-luebben.de\/wp-content\/uploads\/2026\/03\/IMG_6333-300x225.jpeg 300w, https:\/\/friedrich-ludwig-jahn-grundschule-luebben.de\/wp-content\/uploads\/2026\/03\/IMG_6333.jpeg 640w\" sizes=\"auto, (max-width: 300px) 100vw, 300px\" \/> \u00a0<\/a><a href=\"https:\/\/friedrich-ludwig-jahn-grundschule-luebben.de\/wp-content\/uploads\/2026\/03\/IMG_6336.jpeg\" data-lbwps-width=\"640\" data-lbwps-height=\"480\" data-lbwps-srcsmall=\"https:\/\/friedrich-ludwig-jahn-grundschule-luebben.de\/wp-content\/uploads\/2026\/03\/IMG_6336-300x225.jpeg\"><img loading=\"lazy\" decoding=\"async\" class=\"alignnone size-medium wp-image-7521\" src=\"https:\/\/friedrich-ludwig-jahn-grundschule-luebben.de\/wp-content\/uploads\/2026\/03\/IMG_6336-300x225.jpeg\" alt=\"\" width=\"300\" height=\"225\" srcset=\"https:\/\/friedrich-ludwig-jahn-grundschule-luebben.de\/wp-content\/uploads\/2026\/03\/IMG_6336-300x225.jpeg 300w, https:\/\/friedrich-ludwig-jahn-grundschule-luebben.de\/wp-content\/uploads\/2026\/03\/IMG_6336.jpeg 640w\" sizes=\"auto, (max-width: 300px) 100vw, 300px\" \/><\/a><\/span><\/div>\n<div><\/div>\n","protected":false},"excerpt":{"rendered":"<p>Am Dienstag fand das Basketballturnier der Klassen 1 bis 4 statt, gefolgt vom Turnier der Klassen 5 und 6 am heutigen Tag. In beiden Wettbewerben zeigten die Sch\u00fclerinnen und Sch\u00fcler [&hellip;]<\/p>\n","protected":false},"author":3,"featured_media":0,"comment_status":"closed","ping_status":"open","sticky":false,"template":"","format":"standard","meta":{"footnotes":""},"categories":[1],"tags":[],"class_list":["post-7518","post","type-post","status-publish","format-standard","hentry","category-news"],"_links":{"self":[{"href":"https:\/\/friedrich-ludwig-jahn-grundschule-luebben.de\/index.php?rest_route=\/wp\/v2\/posts\/7518","targetHints":{"allow":["GET"]}}],"collection":[{"href":"https:\/\/friedrich-ludwig-jahn-grundschule-luebben.de\/index.php?rest_route=\/wp\/v2\/posts"}],"about":[{"href":"https:\/\/friedrich-ludwig-jahn-grundschule-luebben.de\/index.php?rest_route=\/wp\/v2\/types\/post"}],"author":[{"embeddable":true,"href":"https:\/\/friedrich-ludwig-jahn-grundschule-luebben.de\/index.php?rest_route=\/wp\/v2\/users\/3"}],"replies":[{"embeddable":true,"href":"https:\/\/friedrich-ludwig-jahn-grundschule-luebben.de\/index.php?rest_route=%2Fwp%2Fv2%2Fcomments&post=7518"}],"version-history":[{"count":6,"href":"https:\/\/friedrich-ludwig-jahn-grundschule-luebben.de\/index.php?rest_route=\/wp\/v2\/posts\/7518\/revisions"}],"predecessor-version":[{"id":7534,"href":"https:\/\/friedrich-ludwig-jahn-grundschule-luebben.de\/index.php?rest_route=\/wp\/v2\/posts\/7518\/revisions\/7534"}],"wp:attachment":[{"href":"https:\/\/friedrich-ludwig-jahn-grundschule-luebben.de\/index.php?rest_route=%2Fwp%2Fv2%2Fmedia&parent=7518"}],"wp:term":[{"taxonomy":"category","embeddable":true,"href":"https:\/\/friedrich-ludwig-jahn-grundschule-luebben.de\/index.php?rest_route=%2Fwp%2Fv2%2Fcategories&post=7518"},{"taxonomy":"post_tag","embeddable":true,"href":"https:\/\/friedrich-ludwig-jahn-grundschule-luebben.de\/index.php?rest_route=%2Fwp%2Fv2%2Ftags&post=7518"}],"curies":[{"name":"wp","href":"https:\/\/api.w.org\/{rel}","templated":true}]}}